{"id":4057,"date":"2025-10-13T13:15:20","date_gmt":"2025-10-13T11:15:20","guid":{"rendered":"https:\/\/retail-estate.com\/?p=4057"},"modified":"2025-10-13T13:18:31","modified_gmt":"2025-10-13T11:18:31","slug":"expo-real-2025-fazit","status":"publish","type":"post","link":"https:\/\/retail-estate.com\/en\/expo-real-2025-fazit\/","title":{"rendered":"Expo Real 2025 Fazit:"},"content":{"rendered":"<p><\/p>\n\n\n\n<p><strong>Und nat\u00fcrlich die Metaebene:<\/strong> die Politik als Bremsklotz, das Kapital als Engpass. F\u00fcr alle, die entwickeln wollen, ist Pragmatismus angesagt und die notwendige Transformation selbst in die Hand zunehmen.<\/p>\n\n\n\n<p><strong>Den Einzelhandel betreffend:<\/strong> die fr\u00fchere Orientierung auf Highstreet ist out, Nahversorgung ist der Haupttreiber. Der Lebensmitteleinzelhandel wertet sich auf. Nahversorger bleiben &nbsp;krisensicher \u2013 gegessen wird immer, Onlinehandel in diesem Sektor bleibt Nischenprodukt.<\/p>\n\n\n\n<p>Fachmarktzentren verzeichnen 2025 einen Fl\u00e4chenzuwachs von \u00fcber 5 Prozent, vor allem in suburbanen R\u00e4umen; also unser Hauptprodukt seit 35 Jahren. In Zeiten multipler Krisen sind Edeka, REWE, Aldi, Lidl, Netto &amp; Co die Felsen in der Brandung.<\/p>\n\n\n\n<p>Die Logistik bleibt zwar auch ein Eckpfeiler der Branche, verliert aber erfahrungsgem\u00e4\u00df bei den Kommunen an Beliebtheit: hoher Fl\u00e4chenverbrauch und wenig neue Arbeitspl\u00e4tze; da ist jede andere Nutzung, Gewerbe, Handel oder erst recht Wohnen beliebter.<\/p>\n\n\n\n<p>Fragen Sie uns einfach nach unseren Anbahnungen und Entwicklungen.<\/p>\n\n\n\n<p>Per Telefon +49. (0). 8157.99.99.20 oder auch gerne per E-Mail <a href=\"mailto:info@retail-estate.com\">info@retail-estate.com<\/a><\/p>\n\n\n\n<p><\/p>","protected":false},"excerpt":{"rendered":"<p>Und nat\u00fcrlich die Metaebene: die Politik als Bremsklotz, das Kapital als Engpass. F\u00fcr alle, die entwickeln wollen, ist Pragmatismus angesagt und die notwendige Transformation selbst in die Hand zunehmen. Den Einzelhandel betreffend: die fr\u00fchere Orientierung auf Highstreet ist out, Nahversorgung ist der Haupttreiber. Der Lebensmitteleinzelhandel wertet sich auf. Nahversorger bleiben &nbsp;krisensicher \u2013 gegessen wird immer, [&hellip;]<\/p>\n","protected":false},"author":3,"featured_media":0,"comment_status":"closed","ping_status":"closed","sticky":false,"template":"","format":"standard","meta":{"footnotes":""},"categories":[1],"tags":[42,75,74,76,36,31,25,48,72,73,28,63,33,57,61,58,60,47,29],"class_list":["post-4057","post","type-post","status-publish","format-standard","hentry","category-allgemein","tag-einzelhandelsobjekte","tag-expo-real-2025-handelsimmobilien","tag-expo-real-2025-vom-06-08-oktober-in-der-messe-muenchen-einzelhandelsimmobilien","tag-fazit-expo-real-2025","tag-grosshandel","tag-handels-immobilien-schubert","tag-handelsimmobilien","tag-handelsverband-deutschland","tag-investition","tag-investment","tag-kaufen","tag-lidl","tag-nahversorgungssektor","tag-netto","tag-norma","tag-penny","tag-rewe","tag-stationaerer-handel","tag-verkaufen"],"yoast_head":"<!-- This site is optimized with the Yoast SEO plugin v27.4 - https:\/\/yoast.com\/product\/yoast-seo-wordpress\/ -->\n<title>Expo Real 2025 Fazit: - Retail-Expert Schubert<\/title>\n<meta name=\"robots\" content=\"index, follow, max-snippet:-1, max-image-preview:large, max-video-preview:-1\" \/>\n<link rel=\"canonical\" href=\"https:\/\/retail-estate.com\/en\/expo-real-2025-fazit\/\" \/>\n<meta property=\"og:locale\" content=\"en_GB\" \/>\n<meta property=\"og:type\" content=\"article\" \/>\n<meta property=\"og:title\" content=\"Expo Real 2025 Fazit: - Retail-Expert Schubert\" \/>\n<meta property=\"og:description\" content=\"Und nat\u00fcrlich die Metaebene: die Politik als Bremsklotz, das Kapital als Engpass. F\u00fcr alle, die entwickeln wollen, ist Pragmatismus angesagt und die notwendige Transformation selbst in die Hand zunehmen. Den Einzelhandel betreffend: die fr\u00fchere Orientierung auf Highstreet ist out, Nahversorgung ist der Haupttreiber. Der Lebensmitteleinzelhandel wertet sich auf. Nahversorger bleiben &nbsp;krisensicher \u2013 gegessen wird immer, [&hellip;]\" \/>\n<meta property=\"og:url\" content=\"https:\/\/retail-estate.com\/en\/expo-real-2025-fazit\/\" \/>\n<meta property=\"og:site_name\" content=\"Retail-Expert Schubert\" \/>\n<meta property=\"article:published_time\" content=\"2025-10-13T11:15:20+00:00\" \/>\n<meta property=\"article:modified_time\" content=\"2025-10-13T11:18:31+00:00\" \/>\n<meta name=\"author\" content=\"J\u00fcrgen Hofmann\" \/>\n<meta name=\"twitter:card\" content=\"summary_large_image\" \/>\n<meta name=\"twitter:label1\" content=\"Written by\" \/>\n\t<meta name=\"twitter:data1\" content=\"J\u00fcrgen Hofmann\" \/>\n\t<meta name=\"twitter:label2\" content=\"Estimated reading time\" \/>\n\t<meta name=\"twitter:data2\" content=\"1 minute\" \/>\n<script type=\"application\/ld+json\" class=\"yoast-schema-graph\">{\"@context\":\"https:\\\/\\\/schema.org\",\"@graph\":[{\"@type\":\"Article\",\"@id\":\"https:\\\/\\\/retail-estate.com\\\/expo-real-2025-fazit\\\/#article\",\"isPartOf\":{\"@id\":\"https:\\\/\\\/retail-estate.com\\\/expo-real-2025-fazit\\\/\"},\"author\":{\"name\":\"J\u00fcrgen Hofmann\",\"@id\":\"https:\\\/\\\/retail-estate.com\\\/#\\\/schema\\\/person\\\/3b8b21bf1ad78606ced2799fabcc0919\"},\"headline\":\"Expo Real 2025 Fazit:\",\"datePublished\":\"2025-10-13T11:15:20+00:00\",\"dateModified\":\"2025-10-13T11:18:31+00:00\",\"mainEntityOfPage\":{\"@id\":\"https:\\\/\\\/retail-estate.com\\\/expo-real-2025-fazit\\\/\"},\"wordCount\":159,\"keywords\":[\"Einzelhandelsobjekte\",\"Expo Real 2025 Handelsimmobilien\",\"Expo Real 2025 vom 06.-08. Oktober in der Messe M\u00fcnchen. Einzelhandelsimmobilien\",\"Fazit Expo Real 2025\",\"Gro\u00dfhandel\",\"Handels-Immobilien Schubert\",\"Handelsimmobilien\",\"Handelsverband Deutschland\",\"Investition\",\"Investment\",\"Kaufen\",\"Lidl\",\"Nahversorgungssektor\",\"Netto\",\"Norma\",\"Penny\",\"Rewe\",\"Station\u00e4rer Handel\",\"Verkaufen\"],\"articleSection\":[\"Allgemein\"],\"inLanguage\":\"en-GB\"},{\"@type\":\"WebPage\",\"@id\":\"https:\\\/\\\/retail-estate.com\\\/expo-real-2025-fazit\\\/\",\"url\":\"https:\\\/\\\/retail-estate.com\\\/expo-real-2025-fazit\\\/\",\"name\":\"Expo Real 2025 Fazit: - Retail-Expert Schubert\",\"isPartOf\":{\"@id\":\"https:\\\/\\\/retail-estate.com\\\/#website\"},\"datePublished\":\"2025-10-13T11:15:20+00:00\",\"dateModified\":\"2025-10-13T11:18:31+00:00\",\"author\":{\"@id\":\"https:\\\/\\\/retail-estate.com\\\/#\\\/schema\\\/person\\\/3b8b21bf1ad78606ced2799fabcc0919\"},\"breadcrumb\":{\"@id\":\"https:\\\/\\\/retail-estate.com\\\/expo-real-2025-fazit\\\/#breadcrumb\"},\"inLanguage\":\"en-GB\",\"potentialAction\":[{\"@type\":\"ReadAction\",\"target\":[\"https:\\\/\\\/retail-estate.com\\\/expo-real-2025-fazit\\\/\"]}]},{\"@type\":\"BreadcrumbList\",\"@id\":\"https:\\\/\\\/retail-estate.com\\\/expo-real-2025-fazit\\\/#breadcrumb\",\"itemListElement\":[{\"@type\":\"ListItem\",\"position\":1,\"name\":\"Startseite\",\"item\":\"https:\\\/\\\/retail-estate.com\\\/\"},{\"@type\":\"ListItem\",\"position\":2,\"name\":\"Expo Real 2025 Fazit:\"}]},{\"@type\":\"WebSite\",\"@id\":\"https:\\\/\\\/retail-estate.com\\\/#website\",\"url\":\"https:\\\/\\\/retail-estate.com\\\/\",\"name\":\"Retail-Expert Schubert\",\"description\":\"Strategisches Investment in Handelsimmobilien\",\"potentialAction\":[{\"@type\":\"SearchAction\",\"target\":{\"@type\":\"EntryPoint\",\"urlTemplate\":\"https:\\\/\\\/retail-estate.com\\\/?s={search_term_string}\"},\"query-input\":{\"@type\":\"PropertyValueSpecification\",\"valueRequired\":true,\"valueName\":\"search_term_string\"}}],\"inLanguage\":\"en-GB\"},{\"@type\":\"Person\",\"@id\":\"https:\\\/\\\/retail-estate.com\\\/#\\\/schema\\\/person\\\/3b8b21bf1ad78606ced2799fabcc0919\",\"name\":\"J\u00fcrgen Hofmann\",\"image\":{\"@type\":\"ImageObject\",\"inLanguage\":\"en-GB\",\"@id\":\"https:\\\/\\\/secure.gravatar.com\\\/avatar\\\/9ed22718435381f25a7dac79672089a77849e361c357acad3659e68a1e2410ce?s=96&d=mm&r=g\",\"url\":\"https:\\\/\\\/secure.gravatar.com\\\/avatar\\\/9ed22718435381f25a7dac79672089a77849e361c357acad3659e68a1e2410ce?s=96&d=mm&r=g\",\"contentUrl\":\"https:\\\/\\\/secure.gravatar.com\\\/avatar\\\/9ed22718435381f25a7dac79672089a77849e361c357acad3659e68a1e2410ce?s=96&d=mm&r=g\",\"caption\":\"J\u00fcrgen Hofmann\"},\"sameAs\":[\"http:\\\/\\\/www.comconnection.de\"],\"url\":\"https:\\\/\\\/retail-estate.com\\\/en\\\/author\\\/comconnection\\\/\"}]}<\/script>\n<!-- \/ Yoast SEO plugin. -->","yoast_head_json":{"title":"Expo Real 2025 Fazit: - Retail-Expert Schubert","robots":{"index":"index","follow":"follow","max-snippet":"max-snippet:-1","max-image-preview":"max-image-preview:large","max-video-preview":"max-video-preview:-1"},"canonical":"https:\/\/retail-estate.com\/en\/expo-real-2025-fazit\/","og_locale":"en_GB","og_type":"article","og_title":"Expo Real 2025 Fazit: - Retail-Expert Schubert","og_description":"Und nat\u00fcrlich die Metaebene: die Politik als Bremsklotz, das Kapital als Engpass. F\u00fcr alle, die entwickeln wollen, ist Pragmatismus angesagt und die notwendige Transformation selbst in die Hand zunehmen. Den Einzelhandel betreffend: die fr\u00fchere Orientierung auf Highstreet ist out, Nahversorgung ist der Haupttreiber. Der Lebensmitteleinzelhandel wertet sich auf. Nahversorger bleiben &nbsp;krisensicher \u2013 gegessen wird immer, [&hellip;]","og_url":"https:\/\/retail-estate.com\/en\/expo-real-2025-fazit\/","og_site_name":"Retail-Expert Schubert","article_published_time":"2025-10-13T11:15:20+00:00","article_modified_time":"2025-10-13T11:18:31+00:00","author":"J\u00fcrgen Hofmann","twitter_card":"summary_large_image","twitter_misc":{"Written by":"J\u00fcrgen Hofmann","Estimated reading time":"1 minute"},"schema":{"@context":"https:\/\/schema.org","@graph":[{"@type":"Article","@id":"https:\/\/retail-estate.com\/expo-real-2025-fazit\/#article","isPartOf":{"@id":"https:\/\/retail-estate.com\/expo-real-2025-fazit\/"},"author":{"name":"J\u00fcrgen Hofmann","@id":"https:\/\/retail-estate.com\/#\/schema\/person\/3b8b21bf1ad78606ced2799fabcc0919"},"headline":"Expo Real 2025 Fazit:","datePublished":"2025-10-13T11:15:20+00:00","dateModified":"2025-10-13T11:18:31+00:00","mainEntityOfPage":{"@id":"https:\/\/retail-estate.com\/expo-real-2025-fazit\/"},"wordCount":159,"keywords":["Einzelhandelsobjekte","Expo Real 2025 Handelsimmobilien","Expo Real 2025 vom 06.-08. Oktober in der Messe M\u00fcnchen. Einzelhandelsimmobilien","Fazit Expo Real 2025","Gro\u00dfhandel","Handels-Immobilien Schubert","Handelsimmobilien","Handelsverband Deutschland","Investition","Investment","Kaufen","Lidl","Nahversorgungssektor","Netto","Norma","Penny","Rewe","Station\u00e4rer Handel","Verkaufen"],"articleSection":["Allgemein"],"inLanguage":"en-GB"},{"@type":"WebPage","@id":"https:\/\/retail-estate.com\/expo-real-2025-fazit\/","url":"https:\/\/retail-estate.com\/expo-real-2025-fazit\/","name":"Expo Real 2025 Fazit: - Retail-Expert Schubert","isPartOf":{"@id":"https:\/\/retail-estate.com\/#website"},"datePublished":"2025-10-13T11:15:20+00:00","dateModified":"2025-10-13T11:18:31+00:00","author":{"@id":"https:\/\/retail-estate.com\/#\/schema\/person\/3b8b21bf1ad78606ced2799fabcc0919"},"breadcrumb":{"@id":"https:\/\/retail-estate.com\/expo-real-2025-fazit\/#breadcrumb"},"inLanguage":"en-GB","potentialAction":[{"@type":"ReadAction","target":["https:\/\/retail-estate.com\/expo-real-2025-fazit\/"]}]},{"@type":"BreadcrumbList","@id":"https:\/\/retail-estate.com\/expo-real-2025-fazit\/#breadcrumb","itemListElement":[{"@type":"ListItem","position":1,"name":"Startseite","item":"https:\/\/retail-estate.com\/"},{"@type":"ListItem","position":2,"name":"Expo Real 2025 Fazit:"}]},{"@type":"WebSite","@id":"https:\/\/retail-estate.com\/#website","url":"https:\/\/retail-estate.com\/","name":"Retail-Expert Schubert","description":"Strategisches Investment in Handelsimmobilien","potentialAction":[{"@type":"SearchAction","target":{"@type":"EntryPoint","urlTemplate":"https:\/\/retail-estate.com\/?s={search_term_string}"},"query-input":{"@type":"PropertyValueSpecification","valueRequired":true,"valueName":"search_term_string"}}],"inLanguage":"en-GB"},{"@type":"Person","@id":"https:\/\/retail-estate.com\/#\/schema\/person\/3b8b21bf1ad78606ced2799fabcc0919","name":"J\u00fcrgen Hofmann","image":{"@type":"ImageObject","inLanguage":"en-GB","@id":"https:\/\/secure.gravatar.com\/avatar\/9ed22718435381f25a7dac79672089a77849e361c357acad3659e68a1e2410ce?s=96&d=mm&r=g","url":"https:\/\/secure.gravatar.com\/avatar\/9ed22718435381f25a7dac79672089a77849e361c357acad3659e68a1e2410ce?s=96&d=mm&r=g","contentUrl":"https:\/\/secure.gravatar.com\/avatar\/9ed22718435381f25a7dac79672089a77849e361c357acad3659e68a1e2410ce?s=96&d=mm&r=g","caption":"J\u00fcrgen Hofmann"},"sameAs":["http:\/\/www.comconnection.de"],"url":"https:\/\/retail-estate.com\/en\/author\/comconnection\/"}]}},"_links":{"self":[{"href":"https:\/\/retail-estate.com\/en\/wp-json\/wp\/v2\/posts\/4057","targetHints":{"allow":["GET"]}}],"collection":[{"href":"https:\/\/retail-estate.com\/en\/wp-json\/wp\/v2\/posts"}],"about":[{"href":"https:\/\/retail-estate.com\/en\/wp-json\/wp\/v2\/types\/post"}],"author":[{"embeddable":true,"href":"https:\/\/retail-estate.com\/en\/wp-json\/wp\/v2\/users\/3"}],"replies":[{"embeddable":true,"href":"https:\/\/retail-estate.com\/en\/wp-json\/wp\/v2\/comments?post=4057"}],"version-history":[{"count":0,"href":"https:\/\/retail-estate.com\/en\/wp-json\/wp\/v2\/posts\/4057\/revisions"}],"wp:attachment":[{"href":"https:\/\/retail-estate.com\/en\/wp-json\/wp\/v2\/media?parent=4057"}],"wp:term":[{"taxonomy":"category","embeddable":true,"href":"https:\/\/retail-estate.com\/en\/wp-json\/wp\/v2\/categories?post=4057"},{"taxonomy":"post_tag","embeddable":true,"href":"https:\/\/retail-estate.com\/en\/wp-json\/wp\/v2\/tags?post=4057"}],"curies":[{"name":"wp","href":"https:\/\/api.w.org\/{rel}","templated":true}]}}