{"id":4048,"date":"2025-10-06T11:27:43","date_gmt":"2025-10-06T09:27:43","guid":{"rendered":"https:\/\/retail-estate.com\/?p=4048"},"modified":"2025-10-06T11:30:40","modified_gmt":"2025-10-06T09:30:40","slug":"expo-real-2025-2","status":"publish","type":"post","link":"https:\/\/retail-estate.com\/en\/expo-real-2025-2\/","title":{"rendered":"EXPO REAL 2025"},"content":{"rendered":"<p><br>Viele Mittelst\u00e4ndler unter meinen Gesch\u00e4ftspartnern meinen, EXPO Real lohne sich f\u00fcr sie nicht. Zu aufw\u00e4ndig, zu viel Show der ganz Gro\u00dfen.<\/p>\n\n\n\n<p>Wer es als Verl\u00e4ngerung des Oktoberfests sieht, hat wohl recht und wer sofortige Anbahnungen\/Abschl\u00fcsse erwartet, ebenfalls.<\/p>\n\n\n\n<p>Jetzt aber mal <strong>knallharte Fakten<\/strong> in unserem Sektor: Der Umsatz im Einzelhandel hat sich in den 10 Jahren zwischen 2014 (458 Mrd.) \u2013 2024 (<strong>664 Mrd<\/strong>.) um ca. 45 % erh\u00f6ht! Vorher lag er fast 15 Jahre stabil bei ca. 430 &#8211; 450 Mrd.<\/p>\n\n\n\n<p><strong>Schreckgespenst Online: <\/strong>Der Lebensmittel-EH-Umsatz macht \u00fcber 50% vom EH-Umsatz aus, trotz allerlei Kampfansagen von Amazon &amp; Co.: der Online-Umsatz stagniert seit Ende der Corona-Zeit mehr oder weniger, oder wird teils vom station\u00e4ren Einzelhandel ebenfalls bedient (Multi-Channel), erreicht aber nur unter 100 Mrd.<\/p>\n\n\n\n<p>In fr\u00fcherem Blog verwies ich auf die gro\u00dfen <strong>Drogeriem\u00e4rkte<\/strong>, die inzwischen 10% des<\/p>\n\n\n\n<p>LEH-Umsatzes generieren, steigend, denn sie haben bei nur knappen 4% mehr Filialen knapp 10% mehr Umsatz erzielt.<\/p>\n\n\n\n<p>Auch 35 Jahre nach dem Beitritt (Wiedervereinigung genannt) sieht man auf der <strong>Kaufkraftkarte<\/strong> noch immer den Unterschied der neuen und alten Bundesl\u00e4nder, <strong>ABER<\/strong> wir stellen jetzt deutlich mehr K\u00e4ufer unserer Objekte durch Ostdeutsche fest, eben diejenigen, die nicht lamentieren, Migranten die Schuld geben und AfD w\u00e4hlen, sondern die Wende wertschaffend genutzt haben (fehlt in den Statistiken und Talkshows)<\/p>\n\n\n\n<p>Zum B\u00fcrokratie-Abbau, nicht benutzen, um Umweltstandards zu killen, sondern lieber Kreativ-Worshops in den Verwaltungen initiieren, bei denen auch die Chefs mitmachen.<\/p>","protected":false},"excerpt":{"rendered":"<p>Viele Mittelst\u00e4ndler unter meinen Gesch\u00e4ftspartnern meinen, EXPO Real lohne sich f\u00fcr sie nicht. Zu aufw\u00e4ndig, zu viel Show der ganz Gro\u00dfen. Wer es als Verl\u00e4ngerung des Oktoberfests sieht, hat wohl recht und wer sofortige Anbahnungen\/Abschl\u00fcsse erwartet, ebenfalls. Jetzt aber mal knallharte Fakten in unserem Sektor: Der Umsatz im Einzelhandel hat sich in den 10 Jahren [&hellip;]<\/p>\n","protected":false},"author":3,"featured_media":0,"comment_status":"closed","ping_status":"closed","sticky":false,"template":"","format":"standard","meta":{"footnotes":""},"categories":[1],"tags":[42,75,74,36,31,25,48,72,73,28,63,33,57,61,58,60,47,29],"class_list":["post-4048","post","type-post","status-publish","format-standard","hentry","category-allgemein","tag-einzelhandelsobjekte","tag-expo-real-2025-handelsimmobilien","tag-expo-real-2025-vom-06-08-oktober-in-der-messe-muenchen-einzelhandelsimmobilien","tag-grosshandel","tag-handels-immobilien-schubert","tag-handelsimmobilien","tag-handelsverband-deutschland","tag-investition","tag-investment","tag-kaufen","tag-lidl","tag-nahversorgungssektor","tag-netto","tag-norma","tag-penny","tag-rewe","tag-stationaerer-handel","tag-verkaufen"],"yoast_head":"<!-- This site is optimized with the Yoast SEO plugin v27.4 - https:\/\/yoast.com\/product\/yoast-seo-wordpress\/ -->\n<title>EXPO REAL 2025 - Retail-Expert Schubert<\/title>\n<meta name=\"robots\" content=\"index, follow, max-snippet:-1, max-image-preview:large, max-video-preview:-1\" \/>\n<link rel=\"canonical\" href=\"https:\/\/retail-estate.com\/en\/expo-real-2025-2\/\" \/>\n<meta property=\"og:locale\" content=\"en_GB\" \/>\n<meta property=\"og:type\" content=\"article\" \/>\n<meta property=\"og:title\" content=\"EXPO REAL 2025 - Retail-Expert Schubert\" \/>\n<meta property=\"og:description\" content=\"Viele Mittelst\u00e4ndler unter meinen Gesch\u00e4ftspartnern meinen, EXPO Real lohne sich f\u00fcr sie nicht. Zu aufw\u00e4ndig, zu viel Show der ganz Gro\u00dfen. Wer es als Verl\u00e4ngerung des Oktoberfests sieht, hat wohl recht und wer sofortige Anbahnungen\/Abschl\u00fcsse erwartet, ebenfalls. Jetzt aber mal knallharte Fakten in unserem Sektor: Der Umsatz im Einzelhandel hat sich in den 10 Jahren [&hellip;]\" \/>\n<meta property=\"og:url\" content=\"https:\/\/retail-estate.com\/en\/expo-real-2025-2\/\" \/>\n<meta property=\"og:site_name\" content=\"Retail-Expert Schubert\" \/>\n<meta property=\"article:published_time\" content=\"2025-10-06T09:27:43+00:00\" \/>\n<meta property=\"article:modified_time\" content=\"2025-10-06T09:30:40+00:00\" \/>\n<meta name=\"author\" content=\"J\u00fcrgen Hofmann\" \/>\n<meta name=\"twitter:card\" content=\"summary_large_image\" \/>\n<meta name=\"twitter:label1\" content=\"Written by\" \/>\n\t<meta name=\"twitter:data1\" content=\"J\u00fcrgen Hofmann\" \/>\n\t<meta name=\"twitter:label2\" content=\"Estimated reading time\" \/>\n\t<meta name=\"twitter:data2\" content=\"2 minutes\" \/>\n<script type=\"application\/ld+json\" class=\"yoast-schema-graph\">{\"@context\":\"https:\\\/\\\/schema.org\",\"@graph\":[{\"@type\":\"Article\",\"@id\":\"https:\\\/\\\/retail-estate.com\\\/expo-real-2025-2\\\/#article\",\"isPartOf\":{\"@id\":\"https:\\\/\\\/retail-estate.com\\\/expo-real-2025-2\\\/\"},\"author\":{\"name\":\"J\u00fcrgen Hofmann\",\"@id\":\"https:\\\/\\\/retail-estate.com\\\/#\\\/schema\\\/person\\\/3b8b21bf1ad78606ced2799fabcc0919\"},\"headline\":\"EXPO REAL 2025\",\"datePublished\":\"2025-10-06T09:27:43+00:00\",\"dateModified\":\"2025-10-06T09:30:40+00:00\",\"mainEntityOfPage\":{\"@id\":\"https:\\\/\\\/retail-estate.com\\\/expo-real-2025-2\\\/\"},\"wordCount\":234,\"keywords\":[\"Einzelhandelsobjekte\",\"Expo Real 2025 Handelsimmobilien\",\"Expo Real 2025 vom 06.-08. Oktober in der Messe M\u00fcnchen. Einzelhandelsimmobilien\",\"Gro\u00dfhandel\",\"Handels-Immobilien Schubert\",\"Handelsimmobilien\",\"Handelsverband Deutschland\",\"Investition\",\"Investment\",\"Kaufen\",\"Lidl\",\"Nahversorgungssektor\",\"Netto\",\"Norma\",\"Penny\",\"Rewe\",\"Station\u00e4rer Handel\",\"Verkaufen\"],\"articleSection\":[\"Allgemein\"],\"inLanguage\":\"en-GB\"},{\"@type\":\"WebPage\",\"@id\":\"https:\\\/\\\/retail-estate.com\\\/expo-real-2025-2\\\/\",\"url\":\"https:\\\/\\\/retail-estate.com\\\/expo-real-2025-2\\\/\",\"name\":\"EXPO REAL 2025 - Retail-Expert Schubert\",\"isPartOf\":{\"@id\":\"https:\\\/\\\/retail-estate.com\\\/#website\"},\"datePublished\":\"2025-10-06T09:27:43+00:00\",\"dateModified\":\"2025-10-06T09:30:40+00:00\",\"author\":{\"@id\":\"https:\\\/\\\/retail-estate.com\\\/#\\\/schema\\\/person\\\/3b8b21bf1ad78606ced2799fabcc0919\"},\"breadcrumb\":{\"@id\":\"https:\\\/\\\/retail-estate.com\\\/expo-real-2025-2\\\/#breadcrumb\"},\"inLanguage\":\"en-GB\",\"potentialAction\":[{\"@type\":\"ReadAction\",\"target\":[\"https:\\\/\\\/retail-estate.com\\\/expo-real-2025-2\\\/\"]}]},{\"@type\":\"BreadcrumbList\",\"@id\":\"https:\\\/\\\/retail-estate.com\\\/expo-real-2025-2\\\/#breadcrumb\",\"itemListElement\":[{\"@type\":\"ListItem\",\"position\":1,\"name\":\"Startseite\",\"item\":\"https:\\\/\\\/retail-estate.com\\\/\"},{\"@type\":\"ListItem\",\"position\":2,\"name\":\"EXPO REAL 2025\"}]},{\"@type\":\"WebSite\",\"@id\":\"https:\\\/\\\/retail-estate.com\\\/#website\",\"url\":\"https:\\\/\\\/retail-estate.com\\\/\",\"name\":\"Retail-Expert Schubert\",\"description\":\"Strategisches Investment in Handelsimmobilien\",\"potentialAction\":[{\"@type\":\"SearchAction\",\"target\":{\"@type\":\"EntryPoint\",\"urlTemplate\":\"https:\\\/\\\/retail-estate.com\\\/?s={search_term_string}\"},\"query-input\":{\"@type\":\"PropertyValueSpecification\",\"valueRequired\":true,\"valueName\":\"search_term_string\"}}],\"inLanguage\":\"en-GB\"},{\"@type\":\"Person\",\"@id\":\"https:\\\/\\\/retail-estate.com\\\/#\\\/schema\\\/person\\\/3b8b21bf1ad78606ced2799fabcc0919\",\"name\":\"J\u00fcrgen Hofmann\",\"image\":{\"@type\":\"ImageObject\",\"inLanguage\":\"en-GB\",\"@id\":\"https:\\\/\\\/secure.gravatar.com\\\/avatar\\\/9ed22718435381f25a7dac79672089a77849e361c357acad3659e68a1e2410ce?s=96&d=mm&r=g\",\"url\":\"https:\\\/\\\/secure.gravatar.com\\\/avatar\\\/9ed22718435381f25a7dac79672089a77849e361c357acad3659e68a1e2410ce?s=96&d=mm&r=g\",\"contentUrl\":\"https:\\\/\\\/secure.gravatar.com\\\/avatar\\\/9ed22718435381f25a7dac79672089a77849e361c357acad3659e68a1e2410ce?s=96&d=mm&r=g\",\"caption\":\"J\u00fcrgen Hofmann\"},\"sameAs\":[\"http:\\\/\\\/www.comconnection.de\"],\"url\":\"https:\\\/\\\/retail-estate.com\\\/en\\\/author\\\/comconnection\\\/\"}]}<\/script>\n<!-- \/ Yoast SEO plugin. -->","yoast_head_json":{"title":"EXPO REAL 2025 - Retail-Expert Schubert","robots":{"index":"index","follow":"follow","max-snippet":"max-snippet:-1","max-image-preview":"max-image-preview:large","max-video-preview":"max-video-preview:-1"},"canonical":"https:\/\/retail-estate.com\/en\/expo-real-2025-2\/","og_locale":"en_GB","og_type":"article","og_title":"EXPO REAL 2025 - Retail-Expert Schubert","og_description":"Viele Mittelst\u00e4ndler unter meinen Gesch\u00e4ftspartnern meinen, EXPO Real lohne sich f\u00fcr sie nicht. Zu aufw\u00e4ndig, zu viel Show der ganz Gro\u00dfen. Wer es als Verl\u00e4ngerung des Oktoberfests sieht, hat wohl recht und wer sofortige Anbahnungen\/Abschl\u00fcsse erwartet, ebenfalls. Jetzt aber mal knallharte Fakten in unserem Sektor: Der Umsatz im Einzelhandel hat sich in den 10 Jahren [&hellip;]","og_url":"https:\/\/retail-estate.com\/en\/expo-real-2025-2\/","og_site_name":"Retail-Expert Schubert","article_published_time":"2025-10-06T09:27:43+00:00","article_modified_time":"2025-10-06T09:30:40+00:00","author":"J\u00fcrgen Hofmann","twitter_card":"summary_large_image","twitter_misc":{"Written by":"J\u00fcrgen Hofmann","Estimated reading time":"2 minutes"},"schema":{"@context":"https:\/\/schema.org","@graph":[{"@type":"Article","@id":"https:\/\/retail-estate.com\/expo-real-2025-2\/#article","isPartOf":{"@id":"https:\/\/retail-estate.com\/expo-real-2025-2\/"},"author":{"name":"J\u00fcrgen Hofmann","@id":"https:\/\/retail-estate.com\/#\/schema\/person\/3b8b21bf1ad78606ced2799fabcc0919"},"headline":"EXPO REAL 2025","datePublished":"2025-10-06T09:27:43+00:00","dateModified":"2025-10-06T09:30:40+00:00","mainEntityOfPage":{"@id":"https:\/\/retail-estate.com\/expo-real-2025-2\/"},"wordCount":234,"keywords":["Einzelhandelsobjekte","Expo Real 2025 Handelsimmobilien","Expo Real 2025 vom 06.-08. Oktober in der Messe M\u00fcnchen. Einzelhandelsimmobilien","Gro\u00dfhandel","Handels-Immobilien Schubert","Handelsimmobilien","Handelsverband Deutschland","Investition","Investment","Kaufen","Lidl","Nahversorgungssektor","Netto","Norma","Penny","Rewe","Station\u00e4rer Handel","Verkaufen"],"articleSection":["Allgemein"],"inLanguage":"en-GB"},{"@type":"WebPage","@id":"https:\/\/retail-estate.com\/expo-real-2025-2\/","url":"https:\/\/retail-estate.com\/expo-real-2025-2\/","name":"EXPO REAL 2025 - Retail-Expert Schubert","isPartOf":{"@id":"https:\/\/retail-estate.com\/#website"},"datePublished":"2025-10-06T09:27:43+00:00","dateModified":"2025-10-06T09:30:40+00:00","author":{"@id":"https:\/\/retail-estate.com\/#\/schema\/person\/3b8b21bf1ad78606ced2799fabcc0919"},"breadcrumb":{"@id":"https:\/\/retail-estate.com\/expo-real-2025-2\/#breadcrumb"},"inLanguage":"en-GB","potentialAction":[{"@type":"ReadAction","target":["https:\/\/retail-estate.com\/expo-real-2025-2\/"]}]},{"@type":"BreadcrumbList","@id":"https:\/\/retail-estate.com\/expo-real-2025-2\/#breadcrumb","itemListElement":[{"@type":"ListItem","position":1,"name":"Startseite","item":"https:\/\/retail-estate.com\/"},{"@type":"ListItem","position":2,"name":"EXPO REAL 2025"}]},{"@type":"WebSite","@id":"https:\/\/retail-estate.com\/#website","url":"https:\/\/retail-estate.com\/","name":"Retail-Expert Schubert","description":"Strategisches Investment in Handelsimmobilien","potentialAction":[{"@type":"SearchAction","target":{"@type":"EntryPoint","urlTemplate":"https:\/\/retail-estate.com\/?s={search_term_string}"},"query-input":{"@type":"PropertyValueSpecification","valueRequired":true,"valueName":"search_term_string"}}],"inLanguage":"en-GB"},{"@type":"Person","@id":"https:\/\/retail-estate.com\/#\/schema\/person\/3b8b21bf1ad78606ced2799fabcc0919","name":"J\u00fcrgen Hofmann","image":{"@type":"ImageObject","inLanguage":"en-GB","@id":"https:\/\/secure.gravatar.com\/avatar\/9ed22718435381f25a7dac79672089a77849e361c357acad3659e68a1e2410ce?s=96&d=mm&r=g","url":"https:\/\/secure.gravatar.com\/avatar\/9ed22718435381f25a7dac79672089a77849e361c357acad3659e68a1e2410ce?s=96&d=mm&r=g","contentUrl":"https:\/\/secure.gravatar.com\/avatar\/9ed22718435381f25a7dac79672089a77849e361c357acad3659e68a1e2410ce?s=96&d=mm&r=g","caption":"J\u00fcrgen Hofmann"},"sameAs":["http:\/\/www.comconnection.de"],"url":"https:\/\/retail-estate.com\/en\/author\/comconnection\/"}]}},"_links":{"self":[{"href":"https:\/\/retail-estate.com\/en\/wp-json\/wp\/v2\/posts\/4048","targetHints":{"allow":["GET"]}}],"collection":[{"href":"https:\/\/retail-estate.com\/en\/wp-json\/wp\/v2\/posts"}],"about":[{"href":"https:\/\/retail-estate.com\/en\/wp-json\/wp\/v2\/types\/post"}],"author":[{"embeddable":true,"href":"https:\/\/retail-estate.com\/en\/wp-json\/wp\/v2\/users\/3"}],"replies":[{"embeddable":true,"href":"https:\/\/retail-estate.com\/en\/wp-json\/wp\/v2\/comments?post=4048"}],"version-history":[{"count":0,"href":"https:\/\/retail-estate.com\/en\/wp-json\/wp\/v2\/posts\/4048\/revisions"}],"wp:attachment":[{"href":"https:\/\/retail-estate.com\/en\/wp-json\/wp\/v2\/media?parent=4048"}],"wp:term":[{"taxonomy":"category","embeddable":true,"href":"https:\/\/retail-estate.com\/en\/wp-json\/wp\/v2\/categories?post=4048"},{"taxonomy":"post_tag","embeddable":true,"href":"https:\/\/retail-estate.com\/en\/wp-json\/wp\/v2\/tags?post=4048"}],"curies":[{"name":"wp","href":"https:\/\/api.w.org\/{rel}","templated":true}]}}